{"id":7284,"date":"2018-11-27T17:40:28","date_gmt":"2018-11-27T17:40:28","guid":{"rendered":"https:\/\/ac.aponia.ca\/non-classifiee\/la-traite-par-robot-cest-mieux-pour-les-vaches-2\/"},"modified":"2025-12-09T19:21:18","modified_gmt":"2025-12-09T19:21:18","slug":"la-traite-par-robot-cest-mieux-pour-les-vaches-2","status":"publish","type":"post","link":"https:\/\/www.actioncanada.ca\/fr\/blogues\/la-traite-par-robot-cest-mieux-pour-les-vaches-2\/","title":{"rendered":"La traite par robot, c&rsquo;est mieux pour les vaches?"},"content":{"rendered":"<p><a href=\"https:\/\/actioncanada.ca\/wp-content\/uploads\/2018\/11\/20181104_105307-e1543337857990.jpg\"><img decoding=\"async\" class=\"alignnone size-medium wp-image-4316\" src=\"https:\/\/actioncanada.ca\/wp-content\/uploads\/2021\/06\/20181104_105307-1-scaled.jpg\" alt=\" width=\" height=\"169\" \/><\/a><\/p>\n<p>Par un matin frisquet de novembre, nous nous sommes gar\u00e9s devant la Ferme Roystein, l\u2019une des fermes laiti\u00e8res les plus technologiquement avanc\u00e9es au Qu\u00e9bec. Nous avions lu des citations des propri\u00e9taires sur l\u2019am\u00e9lioration de l\u2019efficacit\u00e9 et sur la libert\u00e9 et le bien-\u00eatre des vaches, mais nous demeurions sceptiques. Nous avions vu \u00ab\u00a0l\u2019agriculture technologiquement avanc\u00e9e\u00a0\u00bb en personne.<\/p>\n<p>Certains des Fellows sont v\u00e9g\u00e9taliens, d\u2019autres sont v\u00e9g\u00e9tariens. Ils ont des convictions profondes qui rendent extr\u00eamement difficile la visite de toute ferme de production laiti\u00e8re ou bovine. Comment la traite des vaches par des robots peut-elle am\u00e9liorer leur sort?<\/p>\n<p>Mais il n\u2019y a eu ni lamentations ni usage d\u2019un aiguillon. Bien au contraire. <strong>Guy Roy<\/strong> et son fils, <strong>Michael<\/strong>, qui aide \u00e0 exploiter la ferme, connaissaient chacune par son nom. Les vaches allongeaient la t\u00eate pour se faire gratter le mufle et se mettaient calmement \u00e0 la queue leu leu, de leur propre chef et au moment qui leur convenait, afin de se faire traire. La trayeuse robotis\u00e9e \u00e9tait douce, silencieuse et les vaches semblaient vraiment appr\u00e9cier le processus.<\/p>\n<p><a href=\"https:\/\/actioncanada.ca\/wp-content\/uploads\/2018\/11\/IMG-20181104-WA0014-e1543337179240.jpg\"><img decoding=\"async\" class=\"alignnone size-medium wp-image-4313\" src=\"https:\/\/actioncanada.ca\/wp-content\/uploads\/2021\/06\/IMG-20181104-WA0014-225x300.jpg\" alt=\" width=\" height=\"300\" \/><\/a><\/p>\n<p>Par contre, ce n\u2019est pas une utopie\u00a0: les veaux sont tout de m\u00eame s\u00e9par\u00e9s de leur m\u00e8re \u00e0 un \u00e2ge plut\u00f4t pr\u00e9coce et les m\u00e2les sont envoy\u00e9s \u00e0 la boucherie. Il y a aussi la question des changements climatiques et des ressources qu\u2019il faut pour produire le lait. Mais ce que je veux dire est que ces vaches \u00e9taient calmes et satisfaites, et leurs propri\u00e9taires les aiment, c\u2019est \u00e9vident. Ils nous ont dit que les vaches sont beaucoup plus gentilles depuis que ce sont des robots qui les traient. Avant, il fallait les attacher et les s\u00e9parer de leur troupeau pour les traire. Maintenant, elles \u00e9prouvent beaucoup moins de stress.<\/p>\n<p>Apr\u00e8s la visite et le d\u00e9jeuner avec tout le clan Roy, le Fellow<strong> Julien Valmary<\/strong> s\u2019est lev\u00e9 pour officiellement remercier nos h\u00f4tes. Avec \u00e9loquence, il a fait l\u2019\u00e9loge des preuves et des valeurs, des sous-th\u00e8mes d\u2019Action Canada cette ann\u00e9e, sur la ferme. Ces gens ont pris le risque de faire confiance aux preuves les plus r\u00e9centes et \u00e0 la technologie en esp\u00e9rant que cela am\u00e9liorerait leur efficacit\u00e9 et leur comp\u00e9titivit\u00e9, mais aussi le bien-\u00eatre de leurs vaches, ce qui est particuli\u00e8rement important pour eux. Et cela fonctionne.<\/p>\n<p>&#8212;&#8212;&#8212;&#8212;&#8212;&#8212;&#8212;&#8212;&#8212;&#8212;&#8212;&#8212;&#8212;&#8212;-<\/p>\n<p>Ce voyage d\u2019\u00e9tudes le plus r\u00e9cent a eu lieu du 31 octobre au 4 novembre 2018 \u00e0 Montr\u00e9al et en Mont\u00e9r\u00e9gie et je manquerais de consid\u00e9ration si je ne faisais pas des remerciements.<\/p>\n<p>Merci aussi aux formidables mentors et conseillers :<strong> Brian Topp<\/strong>, <strong>Andr\u00e9 Juneau<\/strong>, <strong>Guillaume Lavoie<\/strong>,<strong> Elaine Feldman<\/strong> et <strong>Don Buckingham<\/strong> qui nous ont tous si g\u00e9n\u00e9reusement donn\u00e9 de leur temps et de leur expertise.<\/p>\n<p>Et surtout, merci \u00e0 tous les incroyables invit\u00e9s qui ont pris le temps pour nous parler pendant ce voyage\u00a0:<\/p>\n<p>Au cours d\u2019une s\u00e9ance m\u00e9morable intitul\u00e9e Qu\u00e9bec 101, <strong>Guillaume Lavoie<\/strong>, qui portait deux chapeaux en tant que mentor et conf\u00e9rencier lors de ce voyage, nous a donn\u00e9, en tant qu\u2019anglophones du \u00ab\u00a0Rest of Canada\u00a0\u00bb les grandes lignes de la politique au Qu\u00e9bec. Il nous a aussi tous invit\u00e9s chez lui (alors que ses deux jeunes enfants voulaient seulement voir un film de Disney et aller au lit) pour boire un verre et converser.<\/p>\n<p><strong>Chantal H\u00e9bert<\/strong>, qui a pass\u00e9 presque deux heures avec nous (ce qui l\u2019a presque mise en retard pour une apparition t\u00e9l\u00e9vis\u00e9e) et qui a r\u00e9pondu \u00e0 nos questions sur le populisme, l\u2019histoire et les fa\u00e7ons de surmonter notre sentiment d\u2019ins\u00e9curit\u00e9 dans la recherche de la v\u00e9rit\u00e9. Sans mentir, nous \u00e9tions suspendus \u00e0 ses l\u00e8vres.<\/p>\n<p><a href=\"https:\/\/actioncanada.ca\/wp-content\/uploads\/2018\/11\/IMG-20181101-WA0002-e1543337212514.jpg\"><img decoding=\"async\" class=\"alignnone size-medium wp-image-4314\" src=\"https:\/\/actioncanada.ca\/wp-content\/uploads\/2021\/06\/IMG-20181101-WA0002-300x225.jpg\" alt=\" width=\" height=\"225\" \/><\/a><\/p>\n<p><strong>Morris Rosenberg<\/strong>, un homme qui a plus d\u2019exp\u00e9rience en politiques et leadership que l\u2019exp\u00e9rience combin\u00e9e de tout le personnel de nombreuses organisations, nous a parl\u00e9 de l\u2019importance cruciale de tisser des liens plus authentiques avec les personnes avec qui nous avons des divergences sur le plan des valeurs ou des opinions.<\/p>\n<p><strong>Jean-Fran\u00e7ois Harel<\/strong>, de La Coop f\u00e9d\u00e9r\u00e9e, nous a permis de beaucoup mieux comprendre les forces du mod\u00e8le coop\u00e9ratif et nous a parl\u00e9 des le\u00e7ons que ce mod\u00e8le peut nous enseigner et de la mani\u00e8re dont certains de ses principes peuvent \u00eatre b\u00e9n\u00e9fiques aux politiques gouvernementales. Tout comme M. Rosenberg, il nous a rappel\u00e9 qu\u2019\u00ab\u00a0il faut se parler, surtout quand on ne s\u2019entend pas\u00a0\u00bb.<\/p>\n<p><strong>Charles-F\u00e9lix Ross<\/strong>, directeur g\u00e9n\u00e9ral de l\u2019Union des producteurs agricoles, nous a offert une pr\u00e9sentation tr\u00e8s riche sur les r\u00f4les de l\u2019UPA, son travail de d\u00e9fense des droits et son espoir pour un secteur agricole vigoureux au Qu\u00e9bec. Son \u00e9quipe nous a aussi mis en contact avec la famille Roy pour notre visite de la ferme, ce pourquoi nous lui devons beaucoup!<\/p>\n<p><strong>Suzanne Nault<\/strong> portait elle aussi deux chapeaux cette fois-ci, guidant encore une fois les Fellows au cours d\u2019un processus d\u2019accompagnement par les pairs qui nous a amen\u00e9s \u00e0 \u00eatre confiants et honn\u00eates \u00e0 propos de nos principaux blocages professionnels, un sujet souvent tr\u00e8s sensible, et \u00e0 obtenir l\u2019avis de nos coll\u00e8gues. Elle nous a aussi dirig\u00e9s lors d\u2019une s\u00e9ance sur la conversation intelligente, nous mettant au d\u00e9fi de r\u00e9fl\u00e9chir \u00e0 ce qui nous met sur la d\u00e9fensive et \u00e0 pourquoi et \u00e0 comment poser de meilleures questions. Nous savons, bien s\u00fbr, que les bonnes questions sont essentielles \u00e0 tout bon processus d\u2019\u00e9laboration de politiques.<\/p>\n<p><strong>Jonathan Plamondon<\/strong>, <strong>Nathalie Chapdelaine<\/strong> et <strong>Emilie Nicolas<\/strong>, trois personnes qui ont particip\u00e9 \u00e0 Action Canada dans le pass\u00e9, ont abord\u00e9 magnifiquement le th\u00e8me de trouver sa place. Jonathan a r\u00e9fl\u00e9chi au pouvoir des relations r\u00e9ciproques et sur le fait que vous vous br\u00fblerez si vous n\u2019obtenez rien en retour de votre travail. Nathalie a parl\u00e9 de la tr\u00e8s grande importance de remettre en question ceux que notre soci\u00e9t\u00e9 a approuv\u00e9s ou normalis\u00e9s comme d\u00e9tenteurs du pouvoir. Emilie en a fait pleurer plusieurs (en tout cas, moi) en parlant du fait que ce qui est personnel est politique et du fait que m\u00eame si nous sommes tr\u00e8s privil\u00e9gi\u00e9s de faire partie d\u2019un groupe d\u2019\u00e9laboration de politiques, il s\u2019agit en fait d\u2019une fonction du privil\u00e8ge d\u2019avoir la capacit\u00e9 de se d\u00e9sengager des politiques, car pour tant de personnes, le militantisme et l\u2019engagement sont une forme de survie.<\/p>\n<p>\u00c0 tous ceux qui ont assist\u00e9 \u00e0 notre repas du dialogue (un grand merci aux extraordinaires \u00e9tudiants de l\u2019Institut de tourisme et d\u2019h\u00f4tellerie du Qu\u00e9bec, qui nous ont servi un repas incroyable), merci de nous avoir r\u00e9serv\u00e9 une place \u00e0 la table proverbiale d\u2019Action Canada. Parce qu\u2019elles \u00e9taient assises \u00e0 proximit\u00e9, j\u2019ai eu la chance de parler le plus \u00e0<strong> Annie Sabourin<\/strong>, qui m\u2019a rappel\u00e9 l\u2019importance de chercher la magie dans notre quotidien, et \u00e0 <strong>Katherine Pineault<\/strong>, avec qui j\u2019ai parl\u00e9 de l\u2019incroyable importance de trouver un \u00e9quilibre et de fixer des limites. Je leur dois des remerciements particuliers, car gr\u00e2ce \u00e0 elles, je me suis sentie tr\u00e8s chaleureusement bienvenue.<\/p>\n<p><strong>Diana Bronson<\/strong>, directrice g\u00e9n\u00e9rale du R\u00e9seau pour une alimentation durable, a pris connaissance des travaux de chacun de nos groupes de travail et nous a offert des commentaires individualis\u00e9s pour nous aider \u00e0 peaufiner nos messages, le tout pendant la p\u00e9riode la plus occup\u00e9e des pr\u00e9paratifs de la 10<sup>e<\/sup> assembl\u00e9e du R\u00e9seau, la <a href=\"http:\/\/2018.resettingthetable.ca\/sites\/foodsecurecanada\/fr\/resettingthetable\">Tabl\u00e9e des id\u00e9es<\/a>. En tant que Fellows, nous avons en effet eu la chance d\u2019avoir le temps d\u2019assister \u00e0 l\u2019assembl\u00e9e pl\u00e9ni\u00e8re d\u2019ouverture et \u00e0 quelques autres s\u00e9ances. L\u2019assembl\u00e9e a rassembl\u00e9 des gens de nombreux secteurs aux points de vue fort diff\u00e9rents, mais qui partagent tous la vision d\u2019un syst\u00e8me alimentaire sain, durable et \u00e9quitable pour le Canada.<\/p>\n<p>J\u2019ai \u00e9t\u00e9 chanceuse, en particulier, d\u2019assister \u00e0 une s\u00e9ance anim\u00e9e par<strong> <a href=\"http:\/\/www.trudeaufoundation.ca\/fr\/communaute\/anelyse-weiler\">Anelyse Weiler<\/a><\/strong>, doctorante et boursi\u00e8re de la Fondation Trudeau, dont les recherches portent sur les travailleurs agricoles migrants, en compagnie de deux anciens travailleurs originaires de la Jama\u00efque qui ont \u00e9t\u00e9 bless\u00e9s au travail. Elle a facilit\u00e9 un dialogue incroyablement r\u00e9fl\u00e9chi entre ces deux hommes et l\u2019auditoire, compos\u00e9 de repr\u00e9sentants syndicaux, d\u2019\u00e9tudiants, de fermiers, de chercheurs, d\u2019organismes de d\u00e9fense et, bien s\u00fbr, de nous, les Fellows. Si cette s\u00e9ance est repr\u00e9sentative, la Tabl\u00e9e des id\u00e9es a \u00e9t\u00e9 une assembl\u00e9e tr\u00e8s dynamique, c\u2019est certain.<\/p>\n<p>L\u2019honorable <strong>Jean Charest<\/strong>, qui nous a invit\u00e9s tous les 16 dans son bureau et qui a pass\u00e9 une bonne partie de sa journ\u00e9e \u00e0 nous parler de son parcours, du pouvoir insoup\u00e7onn\u00e9 des \u00e9checs, et de la diff\u00e9rence entre \u00eatre un g\u00e9n\u00e9ral \u00ab\u00a0en temps de paix\u00a0\u00bb et \u00ab\u00a0en temps de guerre\u00a0\u00bb. Il nous a mis au d\u00e9fi de ne jamais oublier, en brossant le tableau g\u00e9n\u00e9ral, les aspects du quotidien qui nous\u00a0 motivent\u00a0: les gens, les valeurs, la famille.<\/p>\n<p>Kate Heartfield, auteure et experte des pages d\u2019opinion, qui nous a guid\u00e9s \u00e0 travers une s\u00e9ance formidablement pratique sur l\u2019art d\u2019\u00e9crire efficacement ainsi que les mani\u00e8res de s\u2019adresser \u00e0 diff\u00e9rents publics. En tant que personne provenant du secteur de la d\u00e9fense des droits, elle m\u2019a fait r\u00e9fl\u00e9chir au danger de la \u00ab\u00a0th\u00e8se douce\u00a0\u00bb (son terme!)\u00a0: cet appel \u00e0 l\u2019action g\u00e9n\u00e9ral\u00a0qui dit qu\u2019on \u00ab devrait s\u2019en soucier davantage parce que c\u2019est la bonne chose \u00e0 faire \u00bb, un pi\u00e8ge dans lequel on peut tomber quand on travaille tr\u00e8s pr\u00e8s ou qu\u2019on se soucie beaucoup d\u2019un certain sujet. Je vais me souvenir de cette le\u00e7on dans le cadre de mon travail \u00e0 l\u2019Association canadienne des travailleurs sociaux.<\/p>\n<p>Et merci, bien entendu, \u00e0 la famille Roy, qui a pris le temps de faire visiter sa ferme \u00e0 notre groupe bruyant et indisciplin\u00e9 en r\u00e9pondant \u00e0 nos questions (souvent tr\u00e8s \u00ab\u00a0citadines\u00a0\u00bb) sur le processus et sur les vaches. \u00c0 un certain moment, en regardant la trayeuse robotis\u00e9e, j\u2019ai dit\u00a0: \u00ab\u00a0Nous sommes dans le futur!\u00a0\u00bb Avec fiert\u00e9 et un brin de malice, Guy Roy a r\u00e9pondu\u00a0: \u00ab\u00a0Non, nous sommes dans le pr\u00e9sent.\u00a0\u00bb. Je n\u2019oublierai pas cette exp\u00e9rience.<\/p>\n<p>Merci au personnel d\u2019Action Canada et du Forum des politiques publiques pour un autre formidable voyage d\u2019\u00e9tudes. <strong>Anna Jahn<\/strong>,<strong> Jonathan Perron-Clow<\/strong> et <strong>Komlanvi Dodjro<\/strong> nous ont permis de demeurer organis\u00e9s et de respecter notre horaire, ce qui est un grand accomplissement quand on conna\u00eet l\u2019\u00e9trange ph\u00e9nom\u00e8ne du \u00ab\u00a0tourner en rond\u00a0\u00bb, soit se perdre, se buter les uns aux autres et \u00eatre soudainement incapables de lire une carte, qui affecte tout groupe de plus de 10 adultes transport\u00e9s ensemble en autobus.<\/p>\n<p><a href=\"https:\/\/actioncanada.ca\/wp-content\/uploads\/2018\/11\/IMG-20181104-WA0018-e1543337246193.jpg\"><img decoding=\"async\" class=\"alignnone wp-image-4315 size-medium\" src=\"https:\/\/actioncanada.ca\/wp-content\/uploads\/2021\/06\/IMG-20181104-WA0018-e1543337287940-300x224.jpg\" alt=\" width=\" height=\"224\" \/><\/a><\/p>\n<p>Et aux autres Fellows, au contraire d\u2019une certaine chanson de Shania Twain, vous m\u2019impressionnez \u00e9norm\u00e9ment. Je pense que je devrai \u00e9crire un billet entier \u00e0 ce sujet \u00e0 un moment donn\u00e9.[:]<\/p>\n","protected":false},"excerpt":{"rendered":"<p>Par un matin frisquet de novembre, nous nous sommes gar\u00e9s devant la Ferme Roystein, l\u2019une des fermes laiti\u00e8res les plus technologiquement avanc\u00e9es au Qu\u00e9bec. Nous avions lu des citations des propri\u00e9taires sur l\u2019am\u00e9lioration de l\u2019efficacit\u00e9 et sur la libert\u00e9 et le bien-\u00eatre des vaches, mais nous demeurions sceptiques. Nous avions vu \u00ab\u00a0l\u2019agriculture technologiquement avanc\u00e9e\u00a0\u00bb en [&hellip;]<\/p>\n","protected":false},"author":1,"featured_media":7157,"comment_status":"open","ping_status":"open","sticky":false,"template":"","format":"standard","meta":{"_acf_changed":false,"_seopress_robots_primary_cat":"none","_seopress_titles_title":"","_seopress_titles_desc":"","_seopress_robots_index":"","footnotes":""},"categories":[35],"tags":[],"class_list":["post-7284","post","type-post","status-publish","format-standard","has-post-thumbnail","hentry","category-blogues"],"acf":[],"_links":{"self":[{"href":"https:\/\/www.actioncanada.ca\/fr\/wp-json\/wp\/v2\/posts\/7284","targetHints":{"allow":["GET"]}}],"collection":[{"href":"https:\/\/www.actioncanada.ca\/fr\/wp-json\/wp\/v2\/posts"}],"about":[{"href":"https:\/\/www.actioncanada.ca\/fr\/wp-json\/wp\/v2\/types\/post"}],"author":[{"embeddable":true,"href":"https:\/\/www.actioncanada.ca\/fr\/wp-json\/wp\/v2\/users\/1"}],"replies":[{"embeddable":true,"href":"https:\/\/www.actioncanada.ca\/fr\/wp-json\/wp\/v2\/comments?post=7284"}],"version-history":[{"count":3,"href":"https:\/\/www.actioncanada.ca\/fr\/wp-json\/wp\/v2\/posts\/7284\/revisions"}],"predecessor-version":[{"id":20388,"href":"https:\/\/www.actioncanada.ca\/fr\/wp-json\/wp\/v2\/posts\/7284\/revisions\/20388"}],"wp:featuredmedia":[{"embeddable":true,"href":"https:\/\/www.actioncanada.ca\/fr\/wp-json\/wp\/v2\/media\/7157"}],"wp:attachment":[{"href":"https:\/\/www.actioncanada.ca\/fr\/wp-json\/wp\/v2\/media?parent=7284"}],"wp:term":[{"taxonomy":"category","embeddable":true,"href":"https:\/\/www.actioncanada.ca\/fr\/wp-json\/wp\/v2\/categories?post=7284"},{"taxonomy":"post_tag","embeddable":true,"href":"https:\/\/www.actioncanada.ca\/fr\/wp-json\/wp\/v2\/tags?post=7284"}],"curies":[{"name":"wp","href":"https:\/\/api.w.org\/{rel}","templated":true}]}}